{"id":374,"date":"2023-03-17T06:02:00","date_gmt":"2023-03-17T06:02:00","guid":{"rendered":"https:\/\/bizbergthemes.com\/fully-green-lite\/?p=374"},"modified":"2023-04-07T06:43:59","modified_gmt":"2023-04-07T06:43:59","slug":"technology-can-help-save-our-environment","status":"publish","type":"post","link":"https:\/\/fundesemgt.org\/?p=374","title":{"rendered":"FUNDESEM dialoga a alto nivel en Naciones Unidas"},"content":{"rendered":"\t\t<div data-elementor-type=\"wp-post\" data-elementor-id=\"374\" class=\"elementor elementor-374\">\n\t\t\t\t\t\t\t\t\t<section class=\"elementor-section elementor-top-section elementor-element elementor-element-50d731e4 elementor-section-boxed elementor-section-height-default elementor-section-height-default\" data-id=\"50d731e4\" data-element_type=\"section\">\n\t\t\t\t\t\t<div class=\"elementor-container elementor-column-gap-default\">\n\t\t\t\t\t<div class=\"elementor-column elementor-col-100 elementor-top-column elementor-element elementor-element-2b9bab1d\" data-id=\"2b9bab1d\" data-element_type=\"column\">\n\t\t\t<div class=\"elementor-widget-wrap elementor-element-populated\">\n\t\t\t\t\t\t\t\t<div class=\"elementor-element elementor-element-6cdbd6df elementor-widget elementor-widget-text-editor\" data-id=\"6cdbd6df\" data-element_type=\"widget\" data-widget_type=\"text-editor.default\">\n\t\t\t\t<div class=\"elementor-widget-container\">\n\t\t\t<style>\/*! elementor - v3.14.0 - 26-06-2023 *\/\n.elementor-widget-text-editor.elementor-drop-cap-view-stacked .elementor-drop-cap{background-color:#69727d;color:#fff}.elementor-widget-text-editor.elementor-drop-cap-view-framed .elementor-drop-cap{color:#69727d;border:3px solid;background-color:transparent}.elementor-widget-text-editor:not(.elementor-drop-cap-view-default) .elementor-drop-cap{margin-top:8px}.elementor-widget-text-editor:not(.elementor-drop-cap-view-default) .elementor-drop-cap-letter{width:1em;height:1em}.elementor-widget-text-editor .elementor-drop-cap{float:left;text-align:center;line-height:1;font-size:50px}.elementor-widget-text-editor .elementor-drop-cap-letter{display:inline-block}<\/style>\t\t\t\t<p><span style=\"background-color: rgba(255, 255, 255, 0);\">Nueva York, Estados Unidos, 17 de marzo de 2023<\/span><\/p>\n<p><span style=\"background-color: rgba(255, 255, 255, 0);\">Del martes 15 al jueves 16 de marzo FUNDESEM&nbsp;<\/span><span style=\"background-color: rgba(255, 255, 255, 0);\">15 al 17 de marzo en particip\u00f3 activamente en diferentes espacios de di\u00e1logo de alto nivel en la sede de las Naciones Unidas como p<\/span><span style=\"background-color: rgba(255, 255, 255, 0);\">arte de la delegaci\u00f3n oficial de Guatemala ante el Foro de Cooperaci\u00f3n para el Desarrollo en la ECOSOC 2023 y en el 67\u00b0 Per\u00edodo de Sesiones de la Comisi\u00f3n de Condici\u00f3n Jur\u00eddica y Social de la Mujer.<\/span><\/p>\n<p>Dicha delegaci\u00f3n tambi\u00e9n estuvo conformada por autoridades de la Secretar\u00eda de Planificaci\u00f3n y Programaci\u00f3n de la Presidencia -SEGEPLAN-, la Secretar\u00eda Presidencial de la Mujer -SEPREM- y la Secretar\u00eda de Seguridad Alimentaria y Nutricional -SESAN-. A continuaci\u00f3n una breve descripci\u00f3n de nuestra participaci\u00f3n como representantes de la sociedad civil en estos espacios:<\/p>\t\t\t\t\t\t<\/div>\n\t\t\t\t<\/div>\n\t\t\t\t\t<\/div>\n\t\t<\/div>\n\t\t\t\t\t\t\t<\/div>\n\t\t<\/section>\n\t\t\t\t<section class=\"elementor-section elementor-top-section elementor-element elementor-element-ba2f55c elementor-section-boxed elementor-section-height-default elementor-section-height-default\" data-id=\"ba2f55c\" data-element_type=\"section\">\n\t\t\t\t\t\t<div class=\"elementor-container elementor-column-gap-default\">\n\t\t\t\t\t<div class=\"elementor-column elementor-col-100 elementor-top-column elementor-element elementor-element-c045392\" data-id=\"c045392\" data-element_type=\"column\">\n\t\t\t<div class=\"elementor-widget-wrap elementor-element-populated\">\n\t\t\t\t\t\t\t\t<div class=\"elementor-element elementor-element-d152536 elementor-widget elementor-widget-image-gallery\" data-id=\"d152536\" data-element_type=\"widget\" data-widget_type=\"image-gallery.default\">\n\t\t\t\t<div class=\"elementor-widget-container\">\n\t\t\t<style>\/*! elementor - v3.14.0 - 26-06-2023 *\/\n.elementor-image-gallery .gallery-item{display:inline-block;text-align:center;vertical-align:top;width:100%;max-width:100%;margin:0 auto}.elementor-image-gallery .gallery-item img{margin:0 auto}.elementor-image-gallery .gallery-item .gallery-caption{margin:0}.elementor-image-gallery figure img{display:block}.elementor-image-gallery figure figcaption{width:100%}.gallery-spacing-custom .elementor-image-gallery .gallery-icon{padding:0}@media (min-width:768px){.elementor-image-gallery .gallery-columns-2 .gallery-item{max-width:50%}.elementor-image-gallery .gallery-columns-3 .gallery-item{max-width:33.33%}.elementor-image-gallery .gallery-columns-4 .gallery-item{max-width:25%}.elementor-image-gallery .gallery-columns-5 .gallery-item{max-width:20%}.elementor-image-gallery .gallery-columns-6 .gallery-item{max-width:16.666%}.elementor-image-gallery .gallery-columns-7 .gallery-item{max-width:14.28%}.elementor-image-gallery .gallery-columns-8 .gallery-item{max-width:12.5%}.elementor-image-gallery .gallery-columns-9 .gallery-item{max-width:11.11%}.elementor-image-gallery .gallery-columns-10 .gallery-item{max-width:10%}}@media (min-width:480px) and (max-width:767px){.elementor-image-gallery .gallery.gallery-columns-2 .gallery-item,.elementor-image-gallery .gallery.gallery-columns-3 .gallery-item,.elementor-image-gallery .gallery.gallery-columns-4 .gallery-item,.elementor-image-gallery .gallery.gallery-columns-5 .gallery-item,.elementor-image-gallery .gallery.gallery-columns-6 .gallery-item,.elementor-image-gallery .gallery.gallery-columns-7 .gallery-item,.elementor-image-gallery .gallery.gallery-columns-8 .gallery-item,.elementor-image-gallery .gallery.gallery-columns-9 .gallery-item,.elementor-image-gallery .gallery.gallery-columns-10 .gallery-item{max-width:50%}}@media (max-width:479px){.elementor-image-gallery .gallery.gallery-columns-2 .gallery-item,.elementor-image-gallery .gallery.gallery-columns-3 .gallery-item,.elementor-image-gallery .gallery.gallery-columns-4 .gallery-item,.elementor-image-gallery .gallery.gallery-columns-5 .gallery-item,.elementor-image-gallery .gallery.gallery-columns-6 .gallery-item,.elementor-image-gallery .gallery.gallery-columns-7 .gallery-item,.elementor-image-gallery .gallery.gallery-columns-8 .gallery-item,.elementor-image-gallery .gallery.gallery-columns-9 .gallery-item,.elementor-image-gallery .gallery.gallery-columns-10 .gallery-item{max-width:100%}}<\/style>\t\t<div class=\"elementor-image-gallery\">\n\t\t\t<div id='gallery-1' class='gallery galleryid-374 gallery-columns-1 gallery-size-medium_large'><figure class='gallery-item'>\n\t\t\t<div class='gallery-icon landscape'>\n\t\t\t\t<a data-elementor-open-lightbox=\"yes\" data-elementor-lightbox-slideshow=\"d152536\" data-elementor-lightbox-title=\"FUNDESEM FCD ECOSOC 2023\" data-e-action-hash=\"#elementor-action%3Aaction%3Dlightbox%26settings%3DeyJpZCI6Nzk5LCJ1cmwiOiJodHRwczpcL1wvZnVuZGVzZW1ndC5vcmdcL3dwLWNvbnRlbnRcL3VwbG9hZHNcLzIwMjJcLzA1XC9XaGF0c0FwcC1JbWFnZS0yMDIzLTA0LTA3LWF0LTAwLjEwLjMwLmpwZWciLCJzbGlkZXNob3ciOiJkMTUyNTM2In0%3D\" href='https:\/\/fundesemgt.org\/wp-content\/uploads\/2022\/05\/WhatsApp-Image-2023-04-07-at-00.10.30.jpeg'><img loading=\"lazy\" decoding=\"async\" width=\"640\" height=\"480\" src=\"https:\/\/fundesemgt.org\/wp-content\/uploads\/2022\/05\/WhatsApp-Image-2023-04-07-at-00.10.30-768x576.jpeg\" class=\"attachment-medium_large size-medium_large\" alt=\"\" aria-describedby=\"gallery-1-799\" srcset=\"https:\/\/fundesemgt.org\/wp-content\/uploads\/2022\/05\/WhatsApp-Image-2023-04-07-at-00.10.30-768x576.jpeg 768w, https:\/\/fundesemgt.org\/wp-content\/uploads\/2022\/05\/WhatsApp-Image-2023-04-07-at-00.10.30-300x225.jpeg 300w, https:\/\/fundesemgt.org\/wp-content\/uploads\/2022\/05\/WhatsApp-Image-2023-04-07-at-00.10.30-1024x768.jpeg 1024w, https:\/\/fundesemgt.org\/wp-content\/uploads\/2022\/05\/WhatsApp-Image-2023-04-07-at-00.10.30.jpeg 1280w\" sizes=\"auto, (max-width: 640px) 100vw, 640px\" \/><\/a>\n\t\t\t<\/div>\n\t\t\t\t<figcaption class='wp-caption-text gallery-caption' id='gallery-1-799'>\n\t\t\t\tForo de Cooperaci\u00f3n para el Desarrollo, tuvo por nombre \u201cProteger las vidas y los medios de subsistencia de los m\u00e1s vulnerables para una cooperaci\u00f3n al desarrollo m\u00e1s eficaz\u201d en la cual se trat\u00f3 principalmente la postura de los diferentes pa\u00edses sobre la vulnerabilidad multidimensional.\n\t\t\t\t<\/figcaption><\/figure><figure class='gallery-item'>\n\t\t\t<div class='gallery-icon portrait'>\n\t\t\t\t<a data-elementor-open-lightbox=\"yes\" data-elementor-lightbox-slideshow=\"d152536\" data-elementor-lightbox-title=\"WhatsApp Image 2023-04-07 at 00.31.57 (1)\" data-e-action-hash=\"#elementor-action%3Aaction%3Dlightbox%26settings%3DeyJpZCI6ODE5LCJ1cmwiOiJodHRwczpcL1wvZnVuZGVzZW1ndC5vcmdcL3dwLWNvbnRlbnRcL3VwbG9hZHNcLzIwMjJcLzA1XC9XaGF0c0FwcC1JbWFnZS0yMDIzLTA0LTA3LWF0LTAwLjMxLjU3LTEuanBlZyIsInNsaWRlc2hvdyI6ImQxNTI1MzYifQ%3D%3D\" href='https:\/\/fundesemgt.org\/wp-content\/uploads\/2022\/05\/WhatsApp-Image-2023-04-07-at-00.31.57-1.jpeg'><img loading=\"lazy\" decoding=\"async\" width=\"640\" height=\"853\" src=\"https:\/\/fundesemgt.org\/wp-content\/uploads\/2022\/05\/WhatsApp-Image-2023-04-07-at-00.31.57-1.jpeg\" class=\"attachment-medium_large size-medium_large\" alt=\"\" aria-describedby=\"gallery-1-819\" srcset=\"https:\/\/fundesemgt.org\/wp-content\/uploads\/2022\/05\/WhatsApp-Image-2023-04-07-at-00.31.57-1.jpeg 768w, https:\/\/fundesemgt.org\/wp-content\/uploads\/2022\/05\/WhatsApp-Image-2023-04-07-at-00.31.57-1-225x300.jpeg 225w\" sizes=\"auto, (max-width: 640px) 100vw, 640px\" \/><\/a>\n\t\t\t<\/div>\n\t\t\t\t<figcaption class='wp-caption-text gallery-caption' id='gallery-1-819'>\n\t\t\t\tDurante el FCD saludamos al Director Ejecutivo del FMI, Facinet Sylla\n\t\t\t\t<\/figcaption><\/figure><figure class='gallery-item'>\n\t\t\t<div class='gallery-icon landscape'>\n\t\t\t\t<a data-elementor-open-lightbox=\"yes\" data-elementor-lightbox-slideshow=\"d152536\" data-elementor-lightbox-title=\"WhatsApp Image 2023-04-06 at 23.55.29\" data-e-action-hash=\"#elementor-action%3Aaction%3Dlightbox%26settings%3DeyJpZCI6Nzk2LCJ1cmwiOiJodHRwczpcL1wvZnVuZGVzZW1ndC5vcmdcL3dwLWNvbnRlbnRcL3VwbG9hZHNcLzIwMjJcLzA1XC9XaGF0c0FwcC1JbWFnZS0yMDIzLTA0LTA2LWF0LTIzLjU1LjI5LmpwZWciLCJzbGlkZXNob3ciOiJkMTUyNTM2In0%3D\" data-elementor-lightbox-description=\"Del texto\" href='https:\/\/fundesemgt.org\/wp-content\/uploads\/2022\/05\/WhatsApp-Image-2023-04-06-at-23.55.29.jpeg'><img loading=\"lazy\" decoding=\"async\" width=\"640\" height=\"640\" src=\"https:\/\/fundesemgt.org\/wp-content\/uploads\/2022\/05\/WhatsApp-Image-2023-04-06-at-23.55.29-768x768.jpeg\" class=\"attachment-medium_large size-medium_large\" alt=\"Esta\" aria-describedby=\"gallery-1-796\" srcset=\"https:\/\/fundesemgt.org\/wp-content\/uploads\/2022\/05\/WhatsApp-Image-2023-04-06-at-23.55.29-768x768.jpeg 768w, https:\/\/fundesemgt.org\/wp-content\/uploads\/2022\/05\/WhatsApp-Image-2023-04-06-at-23.55.29-300x300.jpeg 300w, https:\/\/fundesemgt.org\/wp-content\/uploads\/2022\/05\/WhatsApp-Image-2023-04-06-at-23.55.29-1024x1024.jpeg 1024w, https:\/\/fundesemgt.org\/wp-content\/uploads\/2022\/05\/WhatsApp-Image-2023-04-06-at-23.55.29-150x150.jpeg 150w, https:\/\/fundesemgt.org\/wp-content\/uploads\/2022\/05\/WhatsApp-Image-2023-04-06-at-23.55.29.jpeg 1080w\" sizes=\"auto, (max-width: 640px) 100vw, 640px\" \/><\/a>\n\t\t\t<\/div>\n\t\t\t\t<figcaption class='wp-caption-text gallery-caption' id='gallery-1-796'>\n\t\t\t\tComo representantes de organizaciones de sociedad civil de Guatemala, formamos parte de los panelistas del el evento paralelo al CSW2023\n\t\t\t\t<\/figcaption><\/figure><figure class='gallery-item'>\n\t\t\t<div class='gallery-icon landscape'>\n\t\t\t\t<a data-elementor-open-lightbox=\"yes\" data-elementor-lightbox-slideshow=\"d152536\" data-elementor-lightbox-title=\"WhatsApp Image 2023-04-07 at 00.31.05 (2)\" data-e-action-hash=\"#elementor-action%3Aaction%3Dlightbox%26settings%3DeyJpZCI6ODE1LCJ1cmwiOiJodHRwczpcL1wvZnVuZGVzZW1ndC5vcmdcL3dwLWNvbnRlbnRcL3VwbG9hZHNcLzIwMjJcLzA1XC9XaGF0c0FwcC1JbWFnZS0yMDIzLTA0LTA3LWF0LTAwLjMxLjA1LTIuanBlZyIsInNsaWRlc2hvdyI6ImQxNTI1MzYifQ%3D%3D\" data-elementor-lightbox-description=\"Del texto\" href='https:\/\/fundesemgt.org\/wp-content\/uploads\/2022\/05\/WhatsApp-Image-2023-04-07-at-00.31.05-2.jpeg'><img loading=\"lazy\" decoding=\"async\" width=\"640\" height=\"480\" src=\"https:\/\/fundesemgt.org\/wp-content\/uploads\/2022\/05\/WhatsApp-Image-2023-04-07-at-00.31.05-2-768x576.jpeg\" class=\"attachment-medium_large size-medium_large\" alt=\"\" aria-describedby=\"gallery-1-815\" srcset=\"https:\/\/fundesemgt.org\/wp-content\/uploads\/2022\/05\/WhatsApp-Image-2023-04-07-at-00.31.05-2-768x576.jpeg 768w, https:\/\/fundesemgt.org\/wp-content\/uploads\/2022\/05\/WhatsApp-Image-2023-04-07-at-00.31.05-2-300x225.jpeg 300w, https:\/\/fundesemgt.org\/wp-content\/uploads\/2022\/05\/WhatsApp-Image-2023-04-07-at-00.31.05-2-1024x768.jpeg 1024w, https:\/\/fundesemgt.org\/wp-content\/uploads\/2022\/05\/WhatsApp-Image-2023-04-07-at-00.31.05-2.jpeg 1080w\" sizes=\"auto, (max-width: 640px) 100vw, 640px\" \/><\/a>\n\t\t\t<\/div>\n\t\t\t\t<figcaption class='wp-caption-text gallery-caption' id='gallery-1-815'>\n\t\t\t\tEn este espacio pudimos intercambiar propuestas de soluciones a los desaf\u00edos nacionales en materia  ambiente y recursos naturales, que permitan alcanzar un desarrollo econ\u00f3mico-social integral y sostenible en Guatemala y los dem\u00e1s pa\u00edses de la regi\u00f3n Mesoamericana.\n\t\t\t\t<\/figcaption><\/figure><figure class='gallery-item'>\n\t\t\t<div class='gallery-icon portrait'>\n\t\t\t\t<a data-elementor-open-lightbox=\"yes\" data-elementor-lightbox-slideshow=\"d152536\" data-elementor-lightbox-title=\"WhatsApp Image 2023-04-07 at 00.31.05 (1)\" data-e-action-hash=\"#elementor-action%3Aaction%3Dlightbox%26settings%3DeyJpZCI6ODE2LCJ1cmwiOiJodHRwczpcL1wvZnVuZGVzZW1ndC5vcmdcL3dwLWNvbnRlbnRcL3VwbG9hZHNcLzIwMjJcLzA1XC9XaGF0c0FwcC1JbWFnZS0yMDIzLTA0LTA3LWF0LTAwLjMxLjA1LTEuanBlZyIsInNsaWRlc2hvdyI6ImQxNTI1MzYifQ%3D%3D\" data-elementor-lightbox-description=\"Del texto\" href='https:\/\/fundesemgt.org\/wp-content\/uploads\/2022\/05\/WhatsApp-Image-2023-04-07-at-00.31.05-1.jpeg'><img loading=\"lazy\" decoding=\"async\" width=\"640\" height=\"853\" src=\"https:\/\/fundesemgt.org\/wp-content\/uploads\/2022\/05\/WhatsApp-Image-2023-04-07-at-00.31.05-1.jpeg\" class=\"attachment-medium_large size-medium_large\" alt=\"\" aria-describedby=\"gallery-1-816\" srcset=\"https:\/\/fundesemgt.org\/wp-content\/uploads\/2022\/05\/WhatsApp-Image-2023-04-07-at-00.31.05-1.jpeg 720w, https:\/\/fundesemgt.org\/wp-content\/uploads\/2022\/05\/WhatsApp-Image-2023-04-07-at-00.31.05-1-225x300.jpeg 225w\" sizes=\"auto, (max-width: 640px) 100vw, 640px\" \/><\/a>\n\t\t\t<\/div>\n\t\t\t\t<figcaption class='wp-caption-text gallery-caption' id='gallery-1-816'>\n\t\t\t\tTuvimos oportunidad de conversar con  el se\u00f1or Guangzhou Qu, Director de FAO y su equipo en Nueva York.\n\t\t\t\t<\/figcaption><\/figure><figure class='gallery-item'>\n\t\t\t<div class='gallery-icon portrait'>\n\t\t\t\t<a data-elementor-open-lightbox=\"yes\" data-elementor-lightbox-slideshow=\"d152536\" data-elementor-lightbox-title=\"WhatsApp Image 2023-04-07 at 00.31.05\" data-e-action-hash=\"#elementor-action%3Aaction%3Dlightbox%26settings%3DeyJpZCI6ODE3LCJ1cmwiOiJodHRwczpcL1wvZnVuZGVzZW1ndC5vcmdcL3dwLWNvbnRlbnRcL3VwbG9hZHNcLzIwMjJcLzA1XC9XaGF0c0FwcC1JbWFnZS0yMDIzLTA0LTA3LWF0LTAwLjMxLjA1LmpwZWciLCJzbGlkZXNob3ciOiJkMTUyNTM2In0%3D\" data-elementor-lightbox-description=\"Del texto\" href='https:\/\/fundesemgt.org\/wp-content\/uploads\/2022\/05\/WhatsApp-Image-2023-04-07-at-00.31.05.jpeg'><img loading=\"lazy\" decoding=\"async\" width=\"640\" height=\"800\" src=\"https:\/\/fundesemgt.org\/wp-content\/uploads\/2022\/05\/WhatsApp-Image-2023-04-07-at-00.31.05.jpeg\" class=\"attachment-medium_large size-medium_large\" alt=\"\" srcset=\"https:\/\/fundesemgt.org\/wp-content\/uploads\/2022\/05\/WhatsApp-Image-2023-04-07-at-00.31.05.jpeg 724w, https:\/\/fundesemgt.org\/wp-content\/uploads\/2022\/05\/WhatsApp-Image-2023-04-07-at-00.31.05-240x300.jpeg 240w\" sizes=\"auto, (max-width: 640px) 100vw, 640px\" \/><\/a>\n\t\t\t<\/div><\/figure><figure class='gallery-item'>\n\t\t\t<div class='gallery-icon landscape'>\n\t\t\t\t<a data-elementor-open-lightbox=\"yes\" data-elementor-lightbox-slideshow=\"d152536\" data-elementor-lightbox-title=\"WhatsApp Image 2023-04-07 at 00.10.29\" data-e-action-hash=\"#elementor-action%3Aaction%3Dlightbox%26settings%3DeyJpZCI6ODIxLCJ1cmwiOiJodHRwczpcL1wvZnVuZGVzZW1ndC5vcmdcL3dwLWNvbnRlbnRcL3VwbG9hZHNcLzIwMjJcLzA1XC9XaGF0c0FwcC1JbWFnZS0yMDIzLTA0LTA3LWF0LTAwLjEwLjI5LmpwZWciLCJzbGlkZXNob3ciOiJkMTUyNTM2In0%3D\" data-elementor-lightbox-description=\"Del texto\" href='https:\/\/fundesemgt.org\/wp-content\/uploads\/2022\/05\/WhatsApp-Image-2023-04-07-at-00.10.29.jpeg'><img loading=\"lazy\" decoding=\"async\" width=\"640\" height=\"480\" src=\"https:\/\/fundesemgt.org\/wp-content\/uploads\/2022\/05\/WhatsApp-Image-2023-04-07-at-00.10.29-768x576.jpeg\" class=\"attachment-medium_large size-medium_large\" alt=\"\" aria-describedby=\"gallery-1-821\" srcset=\"https:\/\/fundesemgt.org\/wp-content\/uploads\/2022\/05\/WhatsApp-Image-2023-04-07-at-00.10.29-768x576.jpeg 768w, https:\/\/fundesemgt.org\/wp-content\/uploads\/2022\/05\/WhatsApp-Image-2023-04-07-at-00.10.29-300x225.jpeg 300w, https:\/\/fundesemgt.org\/wp-content\/uploads\/2022\/05\/WhatsApp-Image-2023-04-07-at-00.10.29.jpeg 1024w\" sizes=\"auto, (max-width: 640px) 100vw, 640px\" \/><\/a>\n\t\t\t<\/div>\n\t\t\t\t<figcaption class='wp-caption-text gallery-caption' id='gallery-1-821'>\n\t\t\t\tEstuvimos compartiendo en el evento paralelo \u00abSmart Cities with and for women, adolescents and girls\u00bb\n\t\t\t\t<\/figcaption><\/figure>\n\t\t<\/div>\n\t\t<\/div>\n\t\t\t\t<\/div>\n\t\t\t\t<\/div>\n\t\t\t\t\t<\/div>\n\t\t<\/div>\n\t\t\t\t\t\t\t<\/div>\n\t\t<\/section>\n\t\t\t\t\t\t\t<\/div>\n\t\t","protected":false},"excerpt":{"rendered":"<p>FUNDESEM participa en di\u00e1logos de alto nivel en la sede de las Naciones Unidas como parte de la delegaci\u00f3n oficial de Guatemala ante el Foro de Cooperaci\u00f3n para el Desarrollo en la ECOSOC 2023 y en el 67\u00b0 Per\u00edodo de Sesiones de la Comisi\u00f3n de Condici\u00f3n Jur\u00eddica y Social de la Mujer.<\/p>\n","protected":false},"author":1,"featured_media":796,"comment_status":"closed","ping_status":"closed","sticky":false,"template":"","format":"standard","meta":{"footnotes":""},"categories":[3],"tags":[],"class_list":["post-374","post","type-post","status-publish","format-standard","has-post-thumbnail","hentry","category-noticias-fundesem"],"_links":{"self":[{"href":"https:\/\/fundesemgt.org\/index.php?rest_route=\/wp\/v2\/posts\/374","targetHints":{"allow":["GET"]}}],"collection":[{"href":"https:\/\/fundesemgt.org\/index.php?rest_route=\/wp\/v2\/posts"}],"about":[{"href":"https:\/\/fundesemgt.org\/index.php?rest_route=\/wp\/v2\/types\/post"}],"author":[{"embeddable":true,"href":"https:\/\/fundesemgt.org\/index.php?rest_route=\/wp\/v2\/users\/1"}],"replies":[{"embeddable":true,"href":"https:\/\/fundesemgt.org\/index.php?rest_route=%2Fwp%2Fv2%2Fcomments&post=374"}],"version-history":[{"count":20,"href":"https:\/\/fundesemgt.org\/index.php?rest_route=\/wp\/v2\/posts\/374\/revisions"}],"predecessor-version":[{"id":828,"href":"https:\/\/fundesemgt.org\/index.php?rest_route=\/wp\/v2\/posts\/374\/revisions\/828"}],"wp:featuredmedia":[{"embeddable":true,"href":"https:\/\/fundesemgt.org\/index.php?rest_route=\/wp\/v2\/media\/796"}],"wp:attachment":[{"href":"https:\/\/fundesemgt.org\/index.php?rest_route=%2Fwp%2Fv2%2Fmedia&parent=374"}],"wp:term":[{"taxonomy":"category","embeddable":true,"href":"https:\/\/fundesemgt.org\/index.php?rest_route=%2Fwp%2Fv2%2Fcategories&post=374"},{"taxonomy":"post_tag","embeddable":true,"href":"https:\/\/fundesemgt.org\/index.php?rest_route=%2Fwp%2Fv2%2Ftags&post=374"}],"curies":[{"name":"wp","href":"https:\/\/api.w.org\/{rel}","templated":true}]}}